{"id":15228,"date":"2025-07-08T22:40:03","date_gmt":"2025-07-08T20:40:03","guid":{"rendered":"https:\/\/www.hms-luebeck.de\/?p=15228"},"modified":"2025-10-11T19:30:15","modified_gmt":"2025-10-11T17:30:15","slug":"landeswettbewerb-schleswig-holstein-2025","status":"publish","type":"post","link":"https:\/\/www.hms-luebeck.de\/ru\/landeswettbewerb-schleswig-holstein-2025\/","title":{"rendered":"Landeswettbewerb Schleswig-Holstein 2025"},"content":{"rendered":"<div dir=\"auto\">Kategorie Kreative Klima-Retter (Verankerung von innovativen und nach-haltigen Strukturen)<\/div>\n<p dir=\"auto\">\n<div dir=\"auto\">Heinrich-Mann-Schule L\u00fcbeck:<\/div>\n<p dir=\"auto\">\n<div dir=\"auto\">Der 1. Platz (und somit auch das Preisgeld in H\u00f6he von 3.000 EUR) ging stellvertretend an den 7. Jahrgang.<\/div>\n<div dir=\"auto\">Schon in der Vergangenheit zeigte sich unsere Schule sehr kreativ. Im Rahmen des regul\u00e4ren Technik-Unterrichts erlernten die Sch\u00fclerinnen und Sch\u00fcler, wie sie\u00a0 Lastenr\u00e4der bauen. Dazu mussten die Sch\u00fclerinnen und Sch\u00fcler zun\u00e4chst wissen, was ein solches familientaugliches Lastenrad alles k\u00f6nnen muss. Die Umsetzung (inkl. Schwei\u00dfen) erfolgte im Unterricht.<\/div>\n<p dir=\"auto\">\n<div dir=\"auto\">Auch in diesem Schuljahr zeigte sich unsere Schule kreativ: Im Rahmen der diesj\u00e4hrigen LESSCO2-Projektwoche entwickelte der derzeitige 7. Jahrgangs ein Konzept f\u00fcr ein eigenes Gew\u00e4chshaus und setzte dies auch gleich um, um eigenes Gem\u00fcse im Rahmen der Garten-AG anbauen zu k\u00f6nnen.<\/div>\n<div dir=\"auto\"><img loading=\"lazy\" decoding=\"async\" class=\"alignnone wp-image-15247\" src=\"https:\/\/www.hms-luebeck.de\/wp-content\/uploads\/2025\/07\/1000117076.jpg\" alt=\"\" width=\"707\" height=\"541\" \/><\/div>\n<div dir=\"auto\"><img loading=\"lazy\" decoding=\"async\" class=\"alignnone wp-image-15253\" src=\"https:\/\/www.hms-luebeck.de\/wp-content\/uploads\/2025\/07\/1000117079.jpg\" alt=\"\" width=\"276\" height=\"365\" \/>\u00a0<img loading=\"lazy\" decoding=\"async\" class=\"alignnone wp-image-15241\" src=\"https:\/\/www.hms-luebeck.de\/wp-content\/uploads\/2025\/07\/1000117051.jpg\" alt=\"\" width=\"415\" height=\"371\" \/><\/div>\n<div dir=\"auto\"><span style=\"color: #333333; font-style: normal; font-weight: 400;\">Die Preisverleihung sowie\u00a0<\/span><span style=\"color: #333333; font-style: normal; font-weight: 400;\">die Pressemitteilungen des Ministeriums und der Christian-Albrechts-Universit\u00e4<\/span><wbr style=\"color: #333333; font-style: normal; font-weight: 400;\" \/><span style=\"color: #333333; font-style: normal; font-weight: 400;\">t zu Kiel finden Sie unter folgendem Link:\u00a0\u00a0<\/span><a style=\"font-style: normal; font-weight: 400;\" href=\"https:\/\/www.jugend-gestaltet-nachhaltige-zukunft.de\/news.html\">News &#8212; Jugend Gestaltet Nachhaltige Zukunft<\/a><\/div>\n<p dir=\"auto\">\n<div dir=\"auto\">Wir gratulieren dem gesamten Team zu dieser tollen Leistung &#8212; wir sind sehr stolz auf Euch &#8212; weiter so!<\/div>\n<p dir=\"auto\">\n<div dir=\"auto\">Die Schulleitung<\/div>\n<div dir=\"auto\"><\/div>\n","protected":false},"excerpt":{"rendered":"<p>Kategorie Kreative Klima-Retter (Verankerung von innovativen und nach-haltigen Strukturen) Heinrich-Mann-Schule L\u00fcbeck: Der 1. Platz (und somit auch das Preisgeld in H\u00f6he von 3.000 EUR) ging <p><a class=\"readon\" href=\"https:\/\/www.hms-luebeck.de\/ru\/landeswettbewerb-schleswig-holstein-2025\/\"><span>Mehr lesen<\/span><\/a><\/p><\/p>\n","protected":false},"author":16,"featured_media":0,"comment_status":"closed","ping_status":"open","sticky":false,"template":"","format":"standard","meta":{"footnotes":""},"categories":[1],"tags":[],"class_list":["post-15228","post","type-post","status-publish","format-standard","hentry","category-unkategorisiert"],"_links":{"self":[{"href":"https:\/\/www.hms-luebeck.de\/ru\/wp-json\/wp\/v2\/posts\/15228","targetHints":{"allow":["GET"]}}],"collection":[{"href":"https:\/\/www.hms-luebeck.de\/ru\/wp-json\/wp\/v2\/posts"}],"about":[{"href":"https:\/\/www.hms-luebeck.de\/ru\/wp-json\/wp\/v2\/types\/post"}],"author":[{"embeddable":true,"href":"https:\/\/www.hms-luebeck.de\/ru\/wp-json\/wp\/v2\/users\/16"}],"replies":[{"embeddable":true,"href":"https:\/\/www.hms-luebeck.de\/ru\/wp-json\/wp\/v2\/comments?post=15228"}],"version-history":[{"count":6,"href":"https:\/\/www.hms-luebeck.de\/ru\/wp-json\/wp\/v2\/posts\/15228\/revisions"}],"predecessor-version":[{"id":15805,"href":"https:\/\/www.hms-luebeck.de\/ru\/wp-json\/wp\/v2\/posts\/15228\/revisions\/15805"}],"wp:attachment":[{"href":"https:\/\/www.hms-luebeck.de\/ru\/wp-json\/wp\/v2\/media?parent=15228"}],"wp:term":[{"taxonomy":"category","embeddable":true,"href":"https:\/\/www.hms-luebeck.de\/ru\/wp-json\/wp\/v2\/categories?post=15228"},{"taxonomy":"post_tag","embeddable":true,"href":"https:\/\/www.hms-luebeck.de\/ru\/wp-json\/wp\/v2\/tags?post=15228"}],"curies":[{"name":"wp","href":"https:\/\/api.w.org\/{rel}","templated":true}]}}