{"id":15273,"date":"2025-07-14T12:05:34","date_gmt":"2025-07-14T10:05:34","guid":{"rendered":"https:\/\/www.hms-luebeck.de\/?p=15273"},"modified":"2025-07-14T12:38:52","modified_gmt":"2025-07-14T10:38:52","slug":"landesmeisterschaft-unsere-taekwondo-schuelerinnen-ganz-vorne-dabei-%f0%9f%a5%87%f0%9f%a5%88","status":"publish","type":"post","link":"https:\/\/www.hms-luebeck.de\/pl\/landesmeisterschaft-unsere-taekwondo-schuelerinnen-ganz-vorne-dabei-%f0%9f%a5%87%f0%9f%a5%88\/","title":{"rendered":"Landesmeisterschaft: Unsere Taekwondo-Sch\u00fcler*innen ganz vorne dabei! \ud83e\udd47\ud83e\udd48"},"content":{"rendered":"<p dir=\"auto\">Am 05.07.2025 nahmen unsere talentierten Sportlerinnen und Sportler aus der Taekwondo-AG erfolgreich an der Landesmeisterschaft in Kaltenkirchen teil und kehrten mit gro\u00dfartigen Ergebnissen zur\u00fcck.<\/p>\n<p dir=\"auto\"><img loading=\"lazy\" decoding=\"async\" class=\"alignnone wp-image-15274\" src=\"https:\/\/www.hms-luebeck.de\/wp-content\/uploads\/2025\/07\/1000117459.jpg\" alt=\"\" width=\"606\" height=\"886\" \/><\/p>\n<p dir=\"auto\">\ud83c\udfc6 Gleb (Klasse 3a) sicherte sich in seiner Gewichtsklasse den 1. Platz und wurde Landesmeister.<\/p>\n<p dir=\"auto\">\ud83e\udd48 Keona (Klasse 6a) erreichte einen starken 2. Platz.<\/p>\n<p dir=\"auto\">\ud83e\udd48 Muhamad Amin (Klasse 8a) zeigte eine beeindruckende Leistung gegen einen Gegner mit rot-schwarzem G\u00fcrtel, verlor jedoch denkbar knapp mit nur einem Punkt in der letzten Sekunde und wurde ebenfalls Zweiter.<\/p>\n<div dir=\"auto\"><\/div>\n<p dir=\"auto\"><img loading=\"lazy\" decoding=\"async\" class=\"alignnone size-medium wp-image-15280\" src=\"https:\/\/www.hms-luebeck.de\/wp-content\/uploads\/2025\/07\/1000117460.jpg\" alt=\"\" width=\"155\" height=\"300\" \/> \u00a0<img loading=\"lazy\" decoding=\"async\" class=\"alignnone size-medium wp-image-15286\" src=\"https:\/\/www.hms-luebeck.de\/wp-content\/uploads\/2025\/07\/1000117461.jpg\" alt=\"\" width=\"225\" height=\"300\" \/> \u00a0<img loading=\"lazy\" decoding=\"async\" class=\"alignnone size-medium wp-image-15298\" src=\"https:\/\/www.hms-luebeck.de\/wp-content\/uploads\/2025\/07\/1000117463.jpg\" alt=\"\" width=\"225\" height=\"300\" \/><\/p>\n<p dir=\"auto\">Unser Sportlehrer und Leiter der Taekwondo-AG, Herr K\u00fc\u00e7\u00fck, zeigte sich sehr zufrieden mit den Leistungen. Er erkl\u00e4rte, dass mit diesem Turnier die Off-Season beginnt und nach den Sommerferien ein intensiver Wettkampfkalender auf das Team wartet.<\/p>\n<div dir=\"auto\">Als Heinrich-Mann-Schule gratulieren wir unseren engagierten Sportlerinnen und Sportlern ganz herzlich und sind stolz darauf, sie auf ihrem sportlichen Weg zu begleiten. \ud83d\udcaa<\/div>\n","protected":false},"excerpt":{"rendered":"<p>Am 05.07.2025 nahmen unsere talentierten Sportlerinnen und Sportler aus der Taekwondo-AG erfolgreich an der Landesmeisterschaft in Kaltenkirchen teil und kehrten mit gro\u00dfartigen Ergebnissen zur\u00fcck. \ud83c\udfc6 <p><a class=\"readon\" href=\"https:\/\/www.hms-luebeck.de\/pl\/landesmeisterschaft-unsere-taekwondo-schuelerinnen-ganz-vorne-dabei-%f0%9f%a5%87%f0%9f%a5%88\/\"><span>Mehr lesen<\/span><\/a><\/p><\/p>\n","protected":false},"author":16,"featured_media":0,"comment_status":"closed","ping_status":"open","sticky":false,"template":"","format":"standard","meta":{"footnotes":""},"categories":[1],"tags":[],"class_list":["post-15273","post","type-post","status-publish","format-standard","hentry","category-unkategorisiert"],"_links":{"self":[{"href":"https:\/\/www.hms-luebeck.de\/pl\/wp-json\/wp\/v2\/posts\/15273","targetHints":{"allow":["GET"]}}],"collection":[{"href":"https:\/\/www.hms-luebeck.de\/pl\/wp-json\/wp\/v2\/posts"}],"about":[{"href":"https:\/\/www.hms-luebeck.de\/pl\/wp-json\/wp\/v2\/types\/post"}],"author":[{"embeddable":true,"href":"https:\/\/www.hms-luebeck.de\/pl\/wp-json\/wp\/v2\/users\/16"}],"replies":[{"embeddable":true,"href":"https:\/\/www.hms-luebeck.de\/pl\/wp-json\/wp\/v2\/comments?post=15273"}],"version-history":[{"count":6,"href":"https:\/\/www.hms-luebeck.de\/pl\/wp-json\/wp\/v2\/posts\/15273\/revisions"}],"predecessor-version":[{"id":15310,"href":"https:\/\/www.hms-luebeck.de\/pl\/wp-json\/wp\/v2\/posts\/15273\/revisions\/15310"}],"wp:attachment":[{"href":"https:\/\/www.hms-luebeck.de\/pl\/wp-json\/wp\/v2\/media?parent=15273"}],"wp:term":[{"taxonomy":"category","embeddable":true,"href":"https:\/\/www.hms-luebeck.de\/pl\/wp-json\/wp\/v2\/categories?post=15273"},{"taxonomy":"post_tag","embeddable":true,"href":"https:\/\/www.hms-luebeck.de\/pl\/wp-json\/wp\/v2\/tags?post=15273"}],"curies":[{"name":"wp","href":"https:\/\/api.w.org\/{rel}","templated":true}]}}