{"id":14157,"date":"2024-12-10T18:56:49","date_gmt":"2024-12-10T17:56:49","guid":{"rendered":"https:\/\/www.hms-luebeck.de\/?p=14157"},"modified":"2024-12-10T18:56:52","modified_gmt":"2024-12-10T17:56:52","slug":"tag-der-menschenrechte-an-der-hms","status":"publish","type":"post","link":"https:\/\/www.hms-luebeck.de\/pl\/tag-der-menschenrechte-an-der-hms\/","title":{"rendered":"Tag der Menschenrechte an der HMS"},"content":{"rendered":"<p><strong>Am 10. Dezember fand der Internationale Tag der Menschenrechte an der HMS statt. An diesem Tag besch\u00e4ftigten sich alle Sch\u00fclerinnen und Sch\u00fcler mit verschiedenen Projekten, die sich mit den Grunds\u00e4tzen der Menschenrechte auseinandersetzten. Diese Projekte k\u00f6nnten Themen wie die Rechte von Kindern, das Recht auf Bildung, das Recht auf Freiheit und Sicherheit oder die Bek\u00e4mpfung von Diskriminierung behandelt haben. Es war eine Gelegenheit, mehr \u00fcber die Bedeutung und die Universalit\u00e4t der Menschenrechte zu erfahren und deren Anwendung in der Gesellschaft zu reflektieren.<\/strong><\/p>\n<p><a href=\"https:\/\/www.hms-luebeck.de\/tag-der-menschenrechte-an-der-hms\/tag-der-menschenrechte-poster\/\" rel=\"attachment wp-att-14158\"><img loading=\"lazy\" decoding=\"async\" class=\"alignnone size-full wp-image-14158\" src=\"https:\/\/www.hms-luebeck.de\/wp-content\/uploads\/2024\/12\/Tag-der-Menschenrechte-Poster.png\" alt=\"\" width=\"570\" height=\"814\" \/><\/a><\/p>\n<p>&nbsp;<\/p>\n<div dir=\"auto\"><strong>In der gesamten Schule wurde der \u201eTag der Menschenrechte\u201c veranstaltet. Jede Klasse hat sich dazu eigene Ideen \u00fcberlegt um das Thema zu bearbeiten und nachhaltig an der HMS zu implementieren.<\/strong><\/div>\n<div dir=\"auto\"><\/div>\n<div dir=\"auto\"><\/div>\n<div dir=\"auto\"><a href=\"https:\/\/www.hms-luebeck.de\/tag-der-menschenrechte-an-der-hms\/attachment\/1000101563\/\" rel=\"attachment wp-att-14167\"><img loading=\"lazy\" decoding=\"async\" class=\"alignnone wp-image-14167\" src=\"https:\/\/www.hms-luebeck.de\/wp-content\/uploads\/2024\/12\/1000101563.jpg\" alt=\"\" width=\"335\" height=\"364\" \/>\u00a0\u00a0<\/a> <a href=\"https:\/\/www.hms-luebeck.de\/tag-der-menschenrechte-an-der-hms\/attachment\/1000101564\/\" rel=\"attachment wp-att-14173\"><img loading=\"lazy\" decoding=\"async\" class=\"alignnone wp-image-14173\" src=\"https:\/\/www.hms-luebeck.de\/wp-content\/uploads\/2024\/12\/1000101564.jpg\" alt=\"\" width=\"340\" height=\"362\" \/><\/a><\/div>\n<div dir=\"auto\"><\/div>\n<div dir=\"auto\"><\/div>\n<div dir=\"auto\"><strong><span style=\"color: #333333; font-style: normal;\">Es wurden zum Beispiel Kuchen verkauft und der Erl\u00f6s gespendet, Tonnen f\u00fcr Pfandflaschen aufgestellt oder Spiele zum Thema gebastelt.<\/span><\/strong><\/div>\n<div dir=\"auto\"><\/div>\n<div dir=\"auto\"><\/div>\n<div dir=\"auto\"><a href=\"https:\/\/www.hms-luebeck.de\/tag-der-menschenrechte-an-der-hms\/attachment\/1000101559\/\" rel=\"attachment wp-att-14191\"><img loading=\"lazy\" decoding=\"async\" class=\"alignnone wp-image-14191\" src=\"https:\/\/www.hms-luebeck.de\/wp-content\/uploads\/2024\/12\/1000101559.jpg\" alt=\"\" width=\"336\" height=\"255\" \/>\u00a0\u00a0<\/a> <a href=\"https:\/\/www.hms-luebeck.de\/tag-der-menschenrechte-an-der-hms\/attachment\/1000101560\/\" rel=\"attachment wp-att-14197\"><img loading=\"lazy\" decoding=\"async\" class=\"alignnone wp-image-14197\" src=\"https:\/\/www.hms-luebeck.de\/wp-content\/uploads\/2024\/12\/1000101560.jpg\" alt=\"\" width=\"332\" height=\"250\" \/><\/a><\/div>\n","protected":false},"excerpt":{"rendered":"<p>Am 10. Dezember fand der Internationale Tag der Menschenrechte an der HMS statt. An diesem Tag besch\u00e4ftigten sich alle Sch\u00fclerinnen und Sch\u00fcler mit verschiedenen Projekten, <p><a class=\"readon\" href=\"https:\/\/www.hms-luebeck.de\/pl\/tag-der-menschenrechte-an-der-hms\/\"><span>Mehr lesen<\/span><\/a><\/p><\/p>\n","protected":false},"author":16,"featured_media":0,"comment_status":"closed","ping_status":"open","sticky":false,"template":"","format":"standard","meta":{"footnotes":""},"categories":[1],"tags":[],"class_list":["post-14157","post","type-post","status-publish","format-standard","hentry","category-unkategorisiert"],"_links":{"self":[{"href":"https:\/\/www.hms-luebeck.de\/pl\/wp-json\/wp\/v2\/posts\/14157","targetHints":{"allow":["GET"]}}],"collection":[{"href":"https:\/\/www.hms-luebeck.de\/pl\/wp-json\/wp\/v2\/posts"}],"about":[{"href":"https:\/\/www.hms-luebeck.de\/pl\/wp-json\/wp\/v2\/types\/post"}],"author":[{"embeddable":true,"href":"https:\/\/www.hms-luebeck.de\/pl\/wp-json\/wp\/v2\/users\/16"}],"replies":[{"embeddable":true,"href":"https:\/\/www.hms-luebeck.de\/pl\/wp-json\/wp\/v2\/comments?post=14157"}],"version-history":[{"count":5,"href":"https:\/\/www.hms-luebeck.de\/pl\/wp-json\/wp\/v2\/posts\/14157\/revisions"}],"predecessor-version":[{"id":14204,"href":"https:\/\/www.hms-luebeck.de\/pl\/wp-json\/wp\/v2\/posts\/14157\/revisions\/14204"}],"wp:attachment":[{"href":"https:\/\/www.hms-luebeck.de\/pl\/wp-json\/wp\/v2\/media?parent=14157"}],"wp:term":[{"taxonomy":"category","embeddable":true,"href":"https:\/\/www.hms-luebeck.de\/pl\/wp-json\/wp\/v2\/categories?post=14157"},{"taxonomy":"post_tag","embeddable":true,"href":"https:\/\/www.hms-luebeck.de\/pl\/wp-json\/wp\/v2\/tags?post=14157"}],"curies":[{"name":"wp","href":"https:\/\/api.w.org\/{rel}","templated":true}]}}